{"id":173,"date":"2022-04-07T14:40:39","date_gmt":"2022-04-07T14:40:39","guid":{"rendered":"https:\/\/muenchen-zahnaerzte.com\/?p=173"},"modified":"2022-04-07T14:41:40","modified_gmt":"2022-04-07T14:41:40","slug":"zahnarzt-im-rampenlicht","status":"publish","type":"post","link":"https:\/\/muenchen-zahnaerzte.com\/?p=173","title":{"rendered":"Zahnarzt im Rampenlicht"},"content":{"rendered":"\n<p><strong>Eine ausgewogene Mischung aus Prominenz &amp; Neuentdeckung<\/strong>  &#8211; <strong>f\u00fcr einen bis dato auf diesem Gebiet unerfahrenen Zahnarzt.<\/strong><\/p>\n\n\n\n<p><\/p>\n\n\n\n<p>Zahnarzt Dr. Martin Eder aus M\u00fcnchen war gern bereit, mit dem ZDF-Film-Team \u00fcber einzelne Zahnbehandlungen  zu sprechen und sich f\u00fcr die Sendung &#8222;Die \u00c4rzte&#8220;  filmen zu lassen. Aufgeregt und mit Lampenfieber ging es los&#8230;.<\/p>\n\n\n\n<p><\/p>\n\n\n\n<p><strong>Auf einmal ging es los: &#8220; So, dann lass uns drehen, bitte Ruhe.\u201c<\/strong> So schnell steht man im Rampenlicht, dachte sich Dr. Eder damals. Sozusagen aus dem nichts, wurde er vom ZDF eingeladen. Bereits nach kurzer Zeit erfuhr er, dass er f\u00fcr insgesamt 4 Drehtage ausgew\u00e4hlt worden war. <\/p>\n\n\n\n<p><strong>&#8222;Ton ist wieder bereit, okay dann lasst uns drehen\u201c<\/strong> so und so \u00e4hnlich verlief der Dreh zu &#8220; Die \u00c4rzte&#8220;. Immer und immer wieder wurde gedreht, bis alle Einstellungen der Themen der modernen Zahnmedizin abgehandelt worden waren . Die Zahnarzt &#8211; Angst , wie auch die Pardontitis, sowie die  Zahnschmerzen und noch einige andere Bereiche der modernen Zahnmedizin.  Der Dreh in M\u00fcnchen verlief bis zum fr\u00fchen Abend und alle waren bei bester Laune.<\/p>\n\n\n\n<p>Quelle: Zahnarzt Dr. Martin Eder, www.zahnarztpraxis-muenchen.com<\/p>\n\n\n\n<p><\/p>\n\n\n\n<p><\/p>\n\n\n\n<p><\/p>\n","protected":false},"excerpt":{"rendered":"<p>Eine ausgewogene Mischung aus Prominenz &amp; Neuentdeckung &#8211; f\u00fcr einen bis dato auf diesem Gebiet unerfahrenen Zahnarzt. Zahnarzt Dr. Martin Eder aus M\u00fcnchen war gern bereit, mit dem ZDF-Film-Team \u00fcber einzelne Zahnbehandlungen zu sprechen und sich f\u00fcr die Sendung &#8222;Die \u00c4rzte&#8220; filmen zu lassen. Aufgeregt und mit Lampenfieber ging es los&#8230;. Auf einmal ging es [&hellip;]<\/p>\n","protected":false},"author":1,"featured_media":174,"comment_status":"open","ping_status":"open","sticky":false,"template":"","format":"standard","meta":{"footnotes":""},"categories":[1],"tags":[],"class_list":["post-173","post","type-post","status-publish","format-standard","has-post-thumbnail","hentry","category-uncategorized"],"_links":{"self":[{"href":"https:\/\/muenchen-zahnaerzte.com\/index.php?rest_route=\/wp\/v2\/posts\/173","targetHints":{"allow":["GET"]}}],"collection":[{"href":"https:\/\/muenchen-zahnaerzte.com\/index.php?rest_route=\/wp\/v2\/posts"}],"about":[{"href":"https:\/\/muenchen-zahnaerzte.com\/index.php?rest_route=\/wp\/v2\/types\/post"}],"author":[{"embeddable":true,"href":"https:\/\/muenchen-zahnaerzte.com\/index.php?rest_route=\/wp\/v2\/users\/1"}],"replies":[{"embeddable":true,"href":"https:\/\/muenchen-zahnaerzte.com\/index.php?rest_route=%2Fwp%2Fv2%2Fcomments&post=173"}],"version-history":[{"count":2,"href":"https:\/\/muenchen-zahnaerzte.com\/index.php?rest_route=\/wp\/v2\/posts\/173\/revisions"}],"predecessor-version":[{"id":176,"href":"https:\/\/muenchen-zahnaerzte.com\/index.php?rest_route=\/wp\/v2\/posts\/173\/revisions\/176"}],"wp:featuredmedia":[{"embeddable":true,"href":"https:\/\/muenchen-zahnaerzte.com\/index.php?rest_route=\/wp\/v2\/media\/174"}],"wp:attachment":[{"href":"https:\/\/muenchen-zahnaerzte.com\/index.php?rest_route=%2Fwp%2Fv2%2Fmedia&parent=173"}],"wp:term":[{"taxonomy":"category","embeddable":true,"href":"https:\/\/muenchen-zahnaerzte.com\/index.php?rest_route=%2Fwp%2Fv2%2Fcategories&post=173"},{"taxonomy":"post_tag","embeddable":true,"href":"https:\/\/muenchen-zahnaerzte.com\/index.php?rest_route=%2Fwp%2Fv2%2Ftags&post=173"}],"curies":[{"name":"wp","href":"https:\/\/api.w.org\/{rel}","templated":true}]}}