{"id":188,"date":"2022-04-10T11:09:53","date_gmt":"2022-04-10T11:09:53","guid":{"rendered":"https:\/\/muenchen-zahnaerzte.com\/?p=188"},"modified":"2022-04-10T11:12:29","modified_gmt":"2022-04-10T11:12:29","slug":"haben-sie-dauerhafte-unerklaerbare-schmerzen-am-kopf-und-am-kiefergelenk","status":"publish","type":"post","link":"https:\/\/muenchen-zahnaerzte.com\/?p=188","title":{"rendered":"Haben Sie dauerhafte unerkl\u00e4rbare Schmerzen am Kopf und am Kiefergelenk?"},"content":{"rendered":"\n<p>Vielleicht leiden Sie unter chronischen Beschwerden am Kopf- oder im Nackenbereich?<\/p>\n\n\n\n<p>Als m\u00f6gliche Ursache k\u00f6nnte Ihr Kiefer in Betracht gezogen werden.<\/p>\n\n\n\n<p>Woher kommen diese Schmerzen?<\/p>\n\n\n\n<p>Wir Zahn\u00e4rzte reden hierbei von der \u00a0Cranio-Mandibul\u00e4ren Dysfunktion (CMD). <\/p>\n\n\n\n<p>CMD steht f\u00fcr \u201eCraniomandibul\u00e4re Dysfunktion\u201c und bezeichnet eine Funktionsst\u00f6rung des Kausystems, die in einer Kieferfehlstellung m\u00fcndet.<\/p>\n\n\n\n<p>Genau bedeutet CMD \u00fcbersetzt:<\/p>\n\n\n\n<p>\u201eCranium: Sch\u00e4del\u201c, \u201eMandibula: Unterkiefer\u201c und \u201eDysfunktion: Fehlfunktion\u201c.<\/p>\n\n\n\n<p>Hierbei betroffen sind  nicht nur der Sch\u00e4del und der Unterkiefer sondern auch\u00a0 die Z\u00e4hne, das Kiefergelenke und die Kaumuskulatur.<\/p>\n\n\n\n<p>Es gen\u00fcgen schon ein paar Zehntel Millimeter, die zwischen Ober- und Unterkiefer fehlen, damit diese ideal aufeinandertreffen.<\/p>\n\n\n\n<p>Als Folgesch\u00e4den k\u00f6nnen starke Schmerzen auftreten.<\/p>\n\n\n\n<p>Genau diese Bewegungspr\u00e4zision, die v\u00f6llig unbemerkt automatisch abl\u00e4uft, verdanken wir  unserer neuromuskul\u00e4re Funktion, die im Mittelpunkt unserer Diagnose und Betrachtung steht. Die Muskulatur tut sich unglaublich schwer damit,  einem ung\u00fcnstigen Biss oder einer ung\u00fcnstigen Kopfhaltung umzugehen. Oftmals wird dieser Fehlfunktion wenig Beachtung geschenkt.<\/p>\n\n\n\n<p>Fazit &#8211; CMD wird durch Fehlkontakte der Z\u00e4hne ausgel\u00f6st. Diese verzahnen sich nicht miteinander, wodurch sich die Stellung des Kiefergelenks verschiebt. Das Gelenk  gelangt durch die Fehlstellung in eine Zwangsposition, was ganz unterschiedliche Schmerzen und Symptome hervorrufen kann.<\/p>\n\n\n\n<p>In unserer Zahnarztpraxis Dr. Martin Eder in M\u00fcnchen in Nymphenburg wird f\u00fcr die Patient*innen die richtige Diagnose gestellt und ein passender aufgestellt.<\/p>\n\n\n\n<h1 class=\"wp-block-heading\" id=\"cc-m-header-14769578830\">CMD und deren Symptome <\/h1>\n\n\n\n<p>Folgende Symptome k\u00f6nnen in Zusammenhang einer CMD auftreten:<\/p>\n\n\n\n<ul class=\"wp-block-list\"><li>Kopfschmerzen\/Migr\u00e4ne<\/li><li>Nackenverspannungen\/Nackenschmerzen<\/li><li>Verspannungen der Wangen- und Schl\u00e4fenmuskulatur<\/li><li>Bewegungseinschr\u00e4nkung im Kopf-Hals-Bereich<\/li><li>Schmerzen in den Kaumuskeln \/ im Kiefer<\/li><li>Knacken, Reibeger\u00e4usche und Schmerzen im Kiefergelenk<\/li><li>Ohrenschmerzen<\/li><li>Tinnitus (Ohrger\u00e4usche) und \/ oder Schwindelgef\u00fchle.<\/li><li>Z\u00e4hneknirschen<\/li><li>Nach dem Schlafen, f\u00fchlen sich ihre Wangen irgendwie &#8222;m\u00fcde&#8220; an<\/li><li>Nach dem Schlafen haben Sie das Gef\u00fchl, Ihr Mund ist irgendwie &#8222;eingerostet&#8220;<\/li><li>Sie haben den Eindruck, Ihre Z\u00e4hne sind im Laufe der Zeit k\u00fcrzer geworden und\/oder verlieren scheinbar ihre urspr\u00fcngliche Form<\/li><\/ul>\n\n\n\n<h1 class=\"wp-block-heading\" id=\"cc-m-header-14769576730\">Ursachen der CMD<\/h1>\n\n\n\n<p>Die Ursache einer\u00a0craniomandibul\u00e4ren Dysfunktion sind in vielen F\u00e4llen,   dass  in der Bev\u00f6lkerung verbreitete Z\u00e4hneknirschen und dem sogenannten\u00a0Bruxismus (starkes Zusammenpressen der Z\u00e4hne\/Kiefer) zu finden. Aber auch ein Fehlbiss (angeboren oder durch fehlerhaften, kieferorthop\u00e4dischen Eingriff), Stress oder Traumata\u00a0k\u00f6nnen der Ausl\u00f6ser sein.<\/p>\n\n\n\n<p>Aber auch eine\u00a0nicht optimale\u00a0F\u00fcllung oder Krone kann dazu f\u00fchren, dass die Z\u00e4hne nicht mehr richtig \u201eaufeinander sitzen\u201c und die Kieferposition sich ver\u00e4ndert. Ebenfalls kann eine Fehlerhafte korrigierte Zahnfehlstellungen zu diesen Kieferproblemen f\u00fchren.<\/p>\n\n\n\n<p>Durch die so neu entstandene, unnat\u00fcrliche Kieferposition kommt es zu einem erh\u00f6hten Druck&nbsp;<\/p>\n\n\n\n<p>auf die Kiefergelenkstrukturen und die gesamten Sch\u00e4delknochen.&nbsp;<\/p>\n\n\n\n<p>Da der Sch\u00e4del und die Kiefermuskulatur direkt mit der Nacken- und R\u00fcckenmuskulatur verbunden ist, wirkt sich die Fehlstellung auf den gesamten K\u00f6rper und die Haltung aus.&nbsp;<\/p>\n\n\n\n<p>Hierbei wird die Muskulatur im Kiefer-, Kopf-, Nacken- und R\u00fcckenbereich unphysiologisch belastet, was langfristig zu starken Schmerzen in diesen Bereichen f\u00fchren kann.\u00a0<\/p>\n\n\n\n<p><\/p>\n\n\n\n<h1 class=\"wp-block-heading\" id=\"cc-m-header-14769577330\">Die Diagnostik bei CMD<\/h1>\n\n\n\n<p>Um eine massive Sch\u00e4digung des Kiefergelenks zu vermeiden, sollte bereits bei den ersten Symptomen reagiert werden.<\/p>\n\n\n\n<p>Mittels einer speziellen Kiefervermessung (Zentrikregistrat)&nbsp;kann der Zahnarzt die Diagnose stellen&nbsp;und den physiologisch richtigen Biss ermitteln.<\/p>\n\n\n\n<p>Bei Ihrem ersten Termin in unserer Zahnarztpraxis am Neuen Wall widmen wir uns ganz Ihnen und Ihrem Anliegen. Erst nach eingehender Untersuchung und einem intensiven Beratungs- bzw. Anamnesegespr\u00e4ch, vereinbaren wir die Vermessung Ihres Kiefers. Dabei nehmen wir Abdr\u00fccke von Ihrem Ober- und Unterkiefer ,&nbsp;um daraus Modelle&nbsp;zu formen, mit denen&nbsp;wir ihren ganz individuellen Biss nachvollziehen zu k\u00f6nnen. Mit Hilfe einer Funktionsanalyse erarbeiten wir dann Ihren optimalen Biss und beraten Sie, wie wir diesen Zustand am besten f\u00fcr Sie erreichen k\u00f6nnen.<\/p>\n\n\n\n<p>Das wird im ersten Schritt immer eine Aufbissschiene (Zentrikschiene) sein.&nbsp;Alle weiteren Ma\u00dfnahmen h\u00e4ngen hier einzig und allein vom Resultat der Vermessung ab.<\/p>\n\n\n\n<h1 class=\"wp-block-heading\" id=\"cc-m-header-14769577630\">DIE THERAPIE BEI CMD<\/h1>\n\n\n\n<h2 class=\"wp-block-heading\" id=\"cc-m-header-14769584530\">Eine AUFBISS SCHIENE<\/h2>\n\n\n\n<figure class=\"wp-block-image size-large is-resized\"><img fetchpriority=\"high\" decoding=\"async\" src=\"https:\/\/muenchen-zahnaerzte.com\/wp-content\/uploads\/2022\/04\/Invisilign_Nymphenburg-1024x866.jpeg\" alt=\"\" class=\"wp-image-155\" width=\"554\" height=\"469\" srcset=\"https:\/\/muenchen-zahnaerzte.com\/wp-content\/uploads\/2022\/04\/Invisilign_Nymphenburg-1024x866.jpeg 1024w, https:\/\/muenchen-zahnaerzte.com\/wp-content\/uploads\/2022\/04\/Invisilign_Nymphenburg-300x254.jpeg 300w, https:\/\/muenchen-zahnaerzte.com\/wp-content\/uploads\/2022\/04\/Invisilign_Nymphenburg-768x649.jpeg 768w, https:\/\/muenchen-zahnaerzte.com\/wp-content\/uploads\/2022\/04\/Invisilign_Nymphenburg-1536x1298.jpeg 1536w, https:\/\/muenchen-zahnaerzte.com\/wp-content\/uploads\/2022\/04\/Invisilign_Nymphenburg-2048x1731.jpeg 2048w, https:\/\/muenchen-zahnaerzte.com\/wp-content\/uploads\/2022\/04\/Invisilign_Nymphenburg-600x507.jpeg 600w\" sizes=\"(max-width: 554px) 100vw, 554px\" \/><\/figure>\n\n\n\n<p>Ein erster Schritt ist die Therapie mit einer speziell angefertigten Bissschiene, die die Okklusion korrigiert und die Zentrik im Kiefergelenk wieder herstellt. In der Zahnarztpraxis in M\u00fcnchen wird die angefertigte Schiene den Patienten* \u00fcbergeben. Hierbei zu Beachten ist, dass die Zahnschiene nach M\u00f6glichkeit zu Beginn der Behandlung tags\u00fcber und nachts getragen werden muss. Die unterbewusst gesteuerte Fehlhaltung des Kiefers wird aufgegeben, das gesamte Muskelspiel und die K\u00f6rperhaltung k\u00f6nnen sich wieder normalisieren. Meist sind damit schon viele schmerzverursachende Aspekte beseitigt. Langfristig k\u00f6nnen wir die Ursachen f\u00fcr einen fehlerhaften Biss direkt angehen und Kronen oder F\u00fcllungen korrigieren oder erneuern, sowie abradierte Z\u00e4hne wieder aufbauen und so den bestm\u00f6glichen Biss wieder herstellen.<\/p>\n\n\n\n<h1 class=\"wp-block-heading\" id=\"cc-m-header-14769578030\">BEHANDLUNGSMETHODEN BEI CMD<\/h1>\n\n\n\n<p>Die Diagnostik, wie auch die Therapie der CMD ist sehr komplex, daher kommt Ihnen unsere langj\u00e4hrige Erfahrung zugute. Durch st\u00e4ndige Fort- und Weiterbildungen k\u00f6nnen wir Ihnen bestm\u00f6glich helfen, die Beschwerden zu therapieren.<\/p>\n\n\n\n<p>Um die Stellung des Kiefergelenks zu \u00fcberpr\u00fcfen, werden von uns auch w\u00e4hrend und nach dem Tragen der Schiene Kontrollen durchgef\u00fchrt. Im Idealfall zeigen die Patienten im weiteren Verlauf&nbsp;wieder eine uneingeschr\u00e4nkte Mobilit\u00e4t des Unterkiefers.<\/p>\n\n\n\n<p>Die daraus resultierenden Ergebnisse werden Sie sehr schnell sp\u00fcren.<\/p>\n\n\n\n<p>So werden nicht nur die Z\u00e4hne und die Kiefergelenke entlastet, es findet auch eine muskul\u00e4re Entspannung statt. Ebenso ist eine Verbesserung des Allgemeinbefindens festzustellen.<\/p>\n\n\n\n<p>Bei weiterhin anhaltenden Beschwerden, helfen wir Ihnen nat\u00fcrlich weiter und \u00fcberweisen Sie auch gerne an uns vertraute Spezialisten aus anderen Fachbereichen in M\u00fcnchen.<\/p>\n\n\n\n<p>Sie w\u00fcnschen eine Beratung zur CMD in unserer Praxis im Herzen von Nymphenburg in M\u00fcnchen?<\/p>\n\n\n\n<p>Sprechen Sie uns gerne an und vereinbaren einen Termin bei Ihrem Zahnarzt Nymphenburg. Dr. Martin Eder ist ein erfahrener Zahnarzt auf dem Gebiet der CMD.<\/p>\n\n\n\n<p><\/p>\n\n\n\n<p>Tags: Zahnschmerzen, Kiefergelenk, Nackenschmerzen, Kopfschmerzen, unerkl\u00e4rbare Schmerzen<\/p>\n\n\n\n<p>Quelle: <a rel=\"noreferrer noopener\" href=\"https:\/\/www.zahnarztpraxis-muenchen.com\" target=\"_blank\">https:\/\/www.zahnarztpraxis-muenchen.com<\/a><\/p>\n\n\n\n<figure class=\"wp-block-image size-full\"><img decoding=\"async\" width=\"1000\" height=\"734\" src=\"https:\/\/muenchen-zahnaerzte.com\/wp-content\/uploads\/2022\/04\/Zahnarzt-Muenchen-Nymphenburg_1_1-1.jpg\" alt=\"\" class=\"wp-image-194\" srcset=\"https:\/\/muenchen-zahnaerzte.com\/wp-content\/uploads\/2022\/04\/Zahnarzt-Muenchen-Nymphenburg_1_1-1.jpg 1000w, https:\/\/muenchen-zahnaerzte.com\/wp-content\/uploads\/2022\/04\/Zahnarzt-Muenchen-Nymphenburg_1_1-1-300x220.jpg 300w, https:\/\/muenchen-zahnaerzte.com\/wp-content\/uploads\/2022\/04\/Zahnarzt-Muenchen-Nymphenburg_1_1-1-768x564.jpg 768w, https:\/\/muenchen-zahnaerzte.com\/wp-content\/uploads\/2022\/04\/Zahnarzt-Muenchen-Nymphenburg_1_1-1-600x440.jpg 600w\" sizes=\"(max-width: 1000px) 100vw, 1000px\" \/><figcaption><br>Zahnarzt Dr. Martin Eder<br> Zahnarztpraxis am Romanplatz<\/figcaption><\/figure>\n\n\n\n<p><a rel=\"noreferrer noopener\" href=\"http:\/\/twitter.com\/share?text=Leiden%20Sie%20unter%20CMD%3F&amp;url=https%3A%2F%2Fwww.zahnarzt-hamburg-neuerwall.de%2Fcmd%2F\" target=\"_blank\"><\/a><\/p>\n","protected":false},"excerpt":{"rendered":"<p>Vielleicht leiden Sie unter chronischen Beschwerden am Kopf- oder im Nackenbereich? Als m\u00f6gliche Ursache k\u00f6nnte Ihr Kiefer in Betracht gezogen werden. Woher kommen diese Schmerzen? Wir Zahn\u00e4rzte reden hierbei von der \u00a0Cranio-Mandibul\u00e4ren Dysfunktion (CMD). CMD steht f\u00fcr \u201eCraniomandibul\u00e4re Dysfunktion\u201c und bezeichnet eine Funktionsst\u00f6rung des Kausystems, die in einer Kieferfehlstellung m\u00fcndet. Genau bedeutet CMD \u00fcbersetzt: \u201eCranium: [&hellip;]<\/p>\n","protected":false},"author":1,"featured_media":189,"comment_status":"open","ping_status":"open","sticky":false,"template":"","format":"standard","meta":{"footnotes":""},"categories":[1],"tags":[],"class_list":["post-188","post","type-post","status-publish","format-standard","has-post-thumbnail","hentry","category-uncategorized"],"_links":{"self":[{"href":"https:\/\/muenchen-zahnaerzte.com\/index.php?rest_route=\/wp\/v2\/posts\/188","targetHints":{"allow":["GET"]}}],"collection":[{"href":"https:\/\/muenchen-zahnaerzte.com\/index.php?rest_route=\/wp\/v2\/posts"}],"about":[{"href":"https:\/\/muenchen-zahnaerzte.com\/index.php?rest_route=\/wp\/v2\/types\/post"}],"author":[{"embeddable":true,"href":"https:\/\/muenchen-zahnaerzte.com\/index.php?rest_route=\/wp\/v2\/users\/1"}],"replies":[{"embeddable":true,"href":"https:\/\/muenchen-zahnaerzte.com\/index.php?rest_route=%2Fwp%2Fv2%2Fcomments&post=188"}],"version-history":[{"count":4,"href":"https:\/\/muenchen-zahnaerzte.com\/index.php?rest_route=\/wp\/v2\/posts\/188\/revisions"}],"predecessor-version":[{"id":195,"href":"https:\/\/muenchen-zahnaerzte.com\/index.php?rest_route=\/wp\/v2\/posts\/188\/revisions\/195"}],"wp:featuredmedia":[{"embeddable":true,"href":"https:\/\/muenchen-zahnaerzte.com\/index.php?rest_route=\/wp\/v2\/media\/189"}],"wp:attachment":[{"href":"https:\/\/muenchen-zahnaerzte.com\/index.php?rest_route=%2Fwp%2Fv2%2Fmedia&parent=188"}],"wp:term":[{"taxonomy":"category","embeddable":true,"href":"https:\/\/muenchen-zahnaerzte.com\/index.php?rest_route=%2Fwp%2Fv2%2Fcategories&post=188"},{"taxonomy":"post_tag","embeddable":true,"href":"https:\/\/muenchen-zahnaerzte.com\/index.php?rest_route=%2Fwp%2Fv2%2Ftags&post=188"}],"curies":[{"name":"wp","href":"https:\/\/api.w.org\/{rel}","templated":true}]}}